{"id":6413,"date":"2022-03-22T15:59:24","date_gmt":"2022-03-22T14:59:24","guid":{"rendered":"https:\/\/www.fipsasbologna.it\/?p=6413"},"modified":"2022-03-22T19:12:41","modified_gmt":"2022-03-22T18:12:41","slug":"lo-aspettavamo-da-35-anni","status":"publish","type":"post","link":"https:\/\/www.fipsasbologna.it\/index.php\/2022\/03\/22\/lo-aspettavamo-da-35-anni\/","title":{"rendered":"LO ASPETTAVAMO DA 35 ANNI\u2026"},"content":{"rendered":"\n<p>Erano almeno 35 anni che aspettavamo questo momento, il momento di poter annunciare che il mondo della pesca sportiva ha nuovamente una squadra completa al femminile, una squadra che a breve si scontrer\u00e0 con i maschietti!<\/p>\n\n\n\n<p>Normalmente il nostro portale non indugia su qualche atleta o squadra in particolare, se non per esaltarne il successo in qualche competizione, ma quella di oggi \u00e8 una notizia che non si pu\u00f2 ignorare e tantomeno tacere: finalmente un altro team integralmente rosa calcher\u00e0 le sponde di un campionato federale. E non possiamo che esserne contenti e lusingati!<\/p>\n\n\n\n<p>Molti, soprattutto i meno \u201cgrigi\u201d, si chiederanno il perch\u00e9 del pronome\/aggettivo \u201caltro\u201d parlando di una squadra completamente femminile\u2026. Semplice, per chi ha qualche stagione di cronaca sulle spalle come il sottoscritto: perch\u00e9 nella seconda met\u00e0 degli anni \u201980 una fortissima formazione bolognese, la CastelMaggiore, schier\u00f2 per alcune stagioni un quintetto di \u201ccanne rosa\u201d, come le chiamavano al tempo, che si fece anche onore su vari palcoscenici, a dispetto degli iniziali risolini incuriositi dei colleghi maschi. Un team, quello di allora, con alcuni nomi che sarebbero poi rimasti nella storia della pesca sportiva italiana, in primis quello di Elvira Cevenini, ancor oggi in piena attivit\u00e0, Presidente del Team CastelMaggiore e Azzurra molte volte; altro nome di quel team rimasto legato per tanti anni alla pesca sportiva \u00e8  quello di Sara Ballotta, Presidente della FIPSAS bolognese prima e poi Direttore di Noi Pescatori, testata di settore che molti ricorderanno per le sue cronache agonistiche; completavano quel quintetto \u201cdi grazie\u201d (non \u00e8 una battuta, credetemi, ma erano anche molto carine!) Liliana Magri, Albarosa Di Gaetano e Norma Puddu, che abbiamo perso all\u2019agonismo praticato ma restano nelle cronache del nostro sport, protagoniste di quella bella stagione di agonismo al femminile che fu quella degli anni \u201980 e \u201990, con numeri veramente importanti.<\/p>\n\n\n\n<p>Oggi quell\u2019evento si ripete, e ancora una volta a Bologna (sar\u00e0 un caso?????), questa volta nelle fila di un altro grande team, quello di Crevalcore, che gi\u00e0 vanta il grande lavoro ed impegno di una insostituibile come Laura Woo! Proprio tra le fila del Presidente Garuti, infatti, quest\u2019anno \u00e8 sbocciato un fiore rosa che sicuramente vedremo sulle prossime cronache della pesca agonistica! Capitanate dalla Campionessa italiana e Azzurra Valentina Borsari, che torna in pista a tempo pieno dopo una meravigliosa pausa \u201cmaternita\u201d, e dall\u2019altra pluriAzzurra Claudia Marchiodi, il Team Crevalcore quest\u2019anno schierer\u00e0 sull\u2019agone del Regionale Emilia Romagna Est di pesca al colpo un quintetto che di rosa ha solo il nome, perch\u00e9 la grinta e la classe sono tutti \u201cblack\u201d, e soprattutto \u201cstrong\u201d, dei migliori team maschili, composto da Manuela Petronelli, che gi\u00e0 nel 2021 ha fatto vedere di che pasta \u00e9 fatta, arrivando terza assoluta nella classifica individuale del Trofeo di serie B Emilia Romagna est con sole 7 penalit\u00e0 in 4 gare, e dalle giovanissime e promettenti Elena Mazzieri ed Ilaria Occhiali.<\/p>\n\n\n\n<p>Una bella notizia, a conferma che la pesca sportiva pu\u00f2 essere veramente una disciplina \u201cpari opportunit\u00e0\u201d, basta solo volerlo. E queste ragazze lo vogliono.<\/p>\n\n\n\n<p>I colleghi con i baffi sono avvisati!!!!<\/p>\n\n\n\n<figure class=\"wp-block-image size-large\"><img loading=\"lazy\" width=\"1024\" height=\"461\" src=\"https:\/\/www.fipsasbologna.it\/wp-content\/uploads\/2022\/03\/creval-2-1024x461.jpg\" alt=\"\" class=\"wp-image-6414\" srcset=\"https:\/\/www.fipsasbologna.it\/wp-content\/uploads\/2022\/03\/creval-2-1024x461.jpg 1024w, https:\/\/www.fipsasbologna.it\/wp-content\/uploads\/2022\/03\/creval-2-300x135.jpg 300w, https:\/\/www.fipsasbologna.it\/wp-content\/uploads\/2022\/03\/creval-2-768x346.jpg 768w, https:\/\/www.fipsasbologna.it\/wp-content\/uploads\/2022\/03\/creval-2.jpg 1500w\" sizes=\"(max-width: 1024px) 100vw, 1024px\" \/><figcaption>Team Crevalcore in&#8230;rosa! Siate clementi con i colleghi maschi!!!<\/figcaption><\/figure>\n\n\n\n<figure class=\"wp-block-image size-full\"><img loading=\"lazy\" width=\"895\" height=\"835\" src=\"https:\/\/www.fipsasbologna.it\/wp-content\/uploads\/2022\/03\/lady-castelmaggiore.jpg\" alt=\"\" class=\"wp-image-6415\" srcset=\"https:\/\/www.fipsasbologna.it\/wp-content\/uploads\/2022\/03\/lady-castelmaggiore.jpg 895w, https:\/\/www.fipsasbologna.it\/wp-content\/uploads\/2022\/03\/lady-castelmaggiore-300x280.jpg 300w, https:\/\/www.fipsasbologna.it\/wp-content\/uploads\/2022\/03\/lady-castelmaggiore-768x717.jpg 768w\" sizes=\"(max-width: 895px) 100vw, 895px\" \/><figcaption>Dall&#8217;archivio di Elvira Cevenini &#8211; Noi Pescatori: una deliziosa CastelMaggiore dell&#8217; &#8217;87 <\/figcaption><\/figure>\n","protected":false},"excerpt":{"rendered":"<p>Erano almeno 35 anni che aspettavamo questo momento, il momento di poter annunciare che il mondo della pesca sportiva ha nuovamente una squadra completa al femminile, una squadra che a breve si scontrer\u00e0 con i maschietti! Normalmente il nostro portale non indugia su qualche atleta o squadra in particolare, se non per esaltarne il successo [&hellip;]<\/p>\n<div class='heateorSssClear'><\/div><div  class='heateor_sss_sharing_container heateor_sss_horizontal_sharing' data-heateor-sss-href='https:\/\/www.fipsasbologna.it\/index.php\/2022\/03\/22\/lo-aspettavamo-da-35-anni\/'><div class='heateor_sss_sharing_title' style=\"font-weight:bold\" >Condividi su:<\/div><div class=\"heateor_sss_sharing_ul\"><a style=\"padding:7.35px 0 !important\" class=\"heateor_sss_facebook_share\"><div class=\"fb-share-button\" data-href=\"https:\/\/www.fipsasbologna.it\/index.php\/2022\/03\/22\/lo-aspettavamo-da-35-anni\/\" data-layout=\"button\"><\/div><\/a><\/div><div class=\"heateorSssClear\"><\/div><\/div><div class='heateorSssClear'><\/div>","protected":false},"author":1,"featured_media":6414,"comment_status":"closed","ping_status":"closed","sticky":false,"template":"","format":"standard","meta":{"ngg_post_thumbnail":0},"categories":[7,9],"tags":[],"table_tags":[],"yoast_head":"<!-- This site is optimized with the Yoast SEO plugin v17.7.1 - https:\/\/yoast.com\/wordpress\/plugins\/seo\/ -->\r\n<title>LO ASPETTAVAMO DA 35 ANNI\u2026 - Fipsas Bologna<\/title>\r\n<meta name=\"robots\" content=\"index, follow, max-snippet:-1, max-image-preview:large, max-video-preview:-1\" \/>\r\n<link rel=\"canonical\" href=\"https:\/\/www.fipsasbologna.it\/index.php\/2022\/03\/22\/lo-aspettavamo-da-35-anni\/\" \/>\r\n<meta property=\"og:locale\" content=\"it_IT\" \/>\r\n<meta property=\"og:type\" content=\"article\" \/>\r\n<meta property=\"og:title\" content=\"LO ASPETTAVAMO DA 35 ANNI\u2026 - Fipsas Bologna\" \/>\r\n<meta property=\"og:description\" content=\"Erano almeno 35 anni che aspettavamo questo momento, il momento di poter annunciare che il mondo della pesca sportiva ha nuovamente una squadra completa al femminile, una squadra che a breve si scontrer\u00e0 con i maschietti! Normalmente il nostro portale non indugia su qualche atleta o squadra in particolare, se non per esaltarne il successo [&hellip;]\" \/>\r\n<meta property=\"og:url\" content=\"https:\/\/www.fipsasbologna.it\/index.php\/2022\/03\/22\/lo-aspettavamo-da-35-anni\/\" \/>\r\n<meta property=\"og:site_name\" content=\"Fipsas Bologna\" \/>\r\n<meta property=\"article:published_time\" content=\"2022-03-22T14:59:24+00:00\" \/>\r\n<meta property=\"article:modified_time\" content=\"2022-03-22T18:12:41+00:00\" \/>\r\n<meta property=\"og:image\" content=\"https:\/\/www.fipsasbologna.it\/wp-content\/uploads\/2022\/03\/creval-2.jpg\" \/>\r\n\t<meta property=\"og:image:width\" content=\"1500\" \/>\r\n\t<meta property=\"og:image:height\" content=\"676\" \/>\r\n<meta name=\"twitter:card\" content=\"summary_large_image\" \/>\r\n<meta name=\"twitter:label1\" content=\"Scritto da\" \/>\n\t<meta name=\"twitter:data1\" content=\"fipsasbologna\" \/>\n\t<meta name=\"twitter:label2\" content=\"Tempo di lettura stimato\" \/>\n\t<meta name=\"twitter:data2\" content=\"3 minuti\" \/>\r\n<script type=\"application\/ld+json\" class=\"yoast-schema-graph\">{\"@context\":\"https:\/\/schema.org\",\"@graph\":[{\"@type\":\"WebSite\",\"@id\":\"https:\/\/www.fipsasbologna.it\/#website\",\"url\":\"https:\/\/www.fipsasbologna.it\/\",\"name\":\"Fipsas Bologna\",\"description\":\"\",\"potentialAction\":[{\"@type\":\"SearchAction\",\"target\":{\"@type\":\"EntryPoint\",\"urlTemplate\":\"https:\/\/www.fipsasbologna.it\/?s={search_term_string}\"},\"query-input\":\"required name=search_term_string\"}],\"inLanguage\":\"it-IT\"},{\"@type\":\"ImageObject\",\"@id\":\"https:\/\/www.fipsasbologna.it\/index.php\/2022\/03\/22\/lo-aspettavamo-da-35-anni\/#primaryimage\",\"inLanguage\":\"it-IT\",\"url\":\"https:\/\/www.fipsasbologna.it\/wp-content\/uploads\/2022\/03\/creval-2.jpg\",\"contentUrl\":\"https:\/\/www.fipsasbologna.it\/wp-content\/uploads\/2022\/03\/creval-2.jpg\",\"width\":1500,\"height\":676},{\"@type\":\"WebPage\",\"@id\":\"https:\/\/www.fipsasbologna.it\/index.php\/2022\/03\/22\/lo-aspettavamo-da-35-anni\/#webpage\",\"url\":\"https:\/\/www.fipsasbologna.it\/index.php\/2022\/03\/22\/lo-aspettavamo-da-35-anni\/\",\"name\":\"LO ASPETTAVAMO DA 35 ANNI\\u2026 - Fipsas Bologna\",\"isPartOf\":{\"@id\":\"https:\/\/www.fipsasbologna.it\/#website\"},\"primaryImageOfPage\":{\"@id\":\"https:\/\/www.fipsasbologna.it\/index.php\/2022\/03\/22\/lo-aspettavamo-da-35-anni\/#primaryimage\"},\"datePublished\":\"2022-03-22T14:59:24+00:00\",\"dateModified\":\"2022-03-22T18:12:41+00:00\",\"author\":{\"@id\":\"https:\/\/www.fipsasbologna.it\/#\/schema\/person\/2245a964360fed4a6a16e339cd047654\"},\"breadcrumb\":{\"@id\":\"https:\/\/www.fipsasbologna.it\/index.php\/2022\/03\/22\/lo-aspettavamo-da-35-anni\/#breadcrumb\"},\"inLanguage\":\"it-IT\",\"potentialAction\":[{\"@type\":\"ReadAction\",\"target\":[\"https:\/\/www.fipsasbologna.it\/index.php\/2022\/03\/22\/lo-aspettavamo-da-35-anni\/\"]}]},{\"@type\":\"BreadcrumbList\",\"@id\":\"https:\/\/www.fipsasbologna.it\/index.php\/2022\/03\/22\/lo-aspettavamo-da-35-anni\/#breadcrumb\",\"itemListElement\":[{\"@type\":\"ListItem\",\"position\":1,\"name\":\"Home\",\"item\":\"https:\/\/www.fipsasbologna.it\/\"},{\"@type\":\"ListItem\",\"position\":2,\"name\":\"LO ASPETTAVAMO DA 35 ANNI\\u2026\"}]},{\"@type\":\"Person\",\"@id\":\"https:\/\/www.fipsasbologna.it\/#\/schema\/person\/2245a964360fed4a6a16e339cd047654\",\"name\":\"fipsasbologna\",\"image\":{\"@type\":\"ImageObject\",\"@id\":\"https:\/\/www.fipsasbologna.it\/#personlogo\",\"inLanguage\":\"it-IT\",\"url\":\"https:\/\/secure.gravatar.com\/avatar\/823abc0ca5e92197f47aaed2a81c012a?s=96&d=mm&r=g\",\"contentUrl\":\"https:\/\/secure.gravatar.com\/avatar\/823abc0ca5e92197f47aaed2a81c012a?s=96&d=mm&r=g\",\"caption\":\"fipsasbologna\"},\"sameAs\":[\"https:\/\/www.fipsasbologna.it\"],\"url\":\"https:\/\/www.fipsasbologna.it\/index.php\/author\/fipsasbologna\/\"}]}<\/script>\r\n<!-- \/ Yoast SEO plugin. -->","yoast_head_json":{"title":"LO ASPETTAVAMO DA 35 ANNI\u2026 - Fipsas Bologna","robots":{"index":"index","follow":"follow","max-snippet":"max-snippet:-1","max-image-preview":"max-image-preview:large","max-video-preview":"max-video-preview:-1"},"canonical":"https:\/\/www.fipsasbologna.it\/index.php\/2022\/03\/22\/lo-aspettavamo-da-35-anni\/","og_locale":"it_IT","og_type":"article","og_title":"LO ASPETTAVAMO DA 35 ANNI\u2026 - Fipsas Bologna","og_description":"Erano almeno 35 anni che aspettavamo questo momento, il momento di poter annunciare che il mondo della pesca sportiva ha nuovamente una squadra completa al femminile, una squadra che a breve si scontrer\u00e0 con i maschietti! Normalmente il nostro portale non indugia su qualche atleta o squadra in particolare, se non per esaltarne il successo [&hellip;]","og_url":"https:\/\/www.fipsasbologna.it\/index.php\/2022\/03\/22\/lo-aspettavamo-da-35-anni\/","og_site_name":"Fipsas Bologna","article_published_time":"2022-03-22T14:59:24+00:00","article_modified_time":"2022-03-22T18:12:41+00:00","og_image":[{"width":1500,"height":676,"url":"https:\/\/www.fipsasbologna.it\/wp-content\/uploads\/2022\/03\/creval-2.jpg","type":"image\/jpeg"}],"twitter_card":"summary_large_image","twitter_misc":{"Scritto da":"fipsasbologna","Tempo di lettura stimato":"3 minuti"},"schema":{"@context":"https:\/\/schema.org","@graph":[{"@type":"WebSite","@id":"https:\/\/www.fipsasbologna.it\/#website","url":"https:\/\/www.fipsasbologna.it\/","name":"Fipsas Bologna","description":"","potentialAction":[{"@type":"SearchAction","target":{"@type":"EntryPoint","urlTemplate":"https:\/\/www.fipsasbologna.it\/?s={search_term_string}"},"query-input":"required name=search_term_string"}],"inLanguage":"it-IT"},{"@type":"ImageObject","@id":"https:\/\/www.fipsasbologna.it\/index.php\/2022\/03\/22\/lo-aspettavamo-da-35-anni\/#primaryimage","inLanguage":"it-IT","url":"https:\/\/www.fipsasbologna.it\/wp-content\/uploads\/2022\/03\/creval-2.jpg","contentUrl":"https:\/\/www.fipsasbologna.it\/wp-content\/uploads\/2022\/03\/creval-2.jpg","width":1500,"height":676},{"@type":"WebPage","@id":"https:\/\/www.fipsasbologna.it\/index.php\/2022\/03\/22\/lo-aspettavamo-da-35-anni\/#webpage","url":"https:\/\/www.fipsasbologna.it\/index.php\/2022\/03\/22\/lo-aspettavamo-da-35-anni\/","name":"LO ASPETTAVAMO DA 35 ANNI\u2026 - Fipsas Bologna","isPartOf":{"@id":"https:\/\/www.fipsasbologna.it\/#website"},"primaryImageOfPage":{"@id":"https:\/\/www.fipsasbologna.it\/index.php\/2022\/03\/22\/lo-aspettavamo-da-35-anni\/#primaryimage"},"datePublished":"2022-03-22T14:59:24+00:00","dateModified":"2022-03-22T18:12:41+00:00","author":{"@id":"https:\/\/www.fipsasbologna.it\/#\/schema\/person\/2245a964360fed4a6a16e339cd047654"},"breadcrumb":{"@id":"https:\/\/www.fipsasbologna.it\/index.php\/2022\/03\/22\/lo-aspettavamo-da-35-anni\/#breadcrumb"},"inLanguage":"it-IT","potentialAction":[{"@type":"ReadAction","target":["https:\/\/www.fipsasbologna.it\/index.php\/2022\/03\/22\/lo-aspettavamo-da-35-anni\/"]}]},{"@type":"BreadcrumbList","@id":"https:\/\/www.fipsasbologna.it\/index.php\/2022\/03\/22\/lo-aspettavamo-da-35-anni\/#breadcrumb","itemListElement":[{"@type":"ListItem","position":1,"name":"Home","item":"https:\/\/www.fipsasbologna.it\/"},{"@type":"ListItem","position":2,"name":"LO ASPETTAVAMO DA 35 ANNI\u2026"}]},{"@type":"Person","@id":"https:\/\/www.fipsasbologna.it\/#\/schema\/person\/2245a964360fed4a6a16e339cd047654","name":"fipsasbologna","image":{"@type":"ImageObject","@id":"https:\/\/www.fipsasbologna.it\/#personlogo","inLanguage":"it-IT","url":"https:\/\/secure.gravatar.com\/avatar\/823abc0ca5e92197f47aaed2a81c012a?s=96&d=mm&r=g","contentUrl":"https:\/\/secure.gravatar.com\/avatar\/823abc0ca5e92197f47aaed2a81c012a?s=96&d=mm&r=g","caption":"fipsasbologna"},"sameAs":["https:\/\/www.fipsasbologna.it"],"url":"https:\/\/www.fipsasbologna.it\/index.php\/author\/fipsasbologna\/"}]}},"_links":{"self":[{"href":"https:\/\/www.fipsasbologna.it\/index.php\/wp-json\/wp\/v2\/posts\/6413"}],"collection":[{"href":"https:\/\/www.fipsasbologna.it\/index.php\/wp-json\/wp\/v2\/posts"}],"about":[{"href":"https:\/\/www.fipsasbologna.it\/index.php\/wp-json\/wp\/v2\/types\/post"}],"author":[{"embeddable":true,"href":"https:\/\/www.fipsasbologna.it\/index.php\/wp-json\/wp\/v2\/users\/1"}],"replies":[{"embeddable":true,"href":"https:\/\/www.fipsasbologna.it\/index.php\/wp-json\/wp\/v2\/comments?post=6413"}],"version-history":[{"count":5,"href":"https:\/\/www.fipsasbologna.it\/index.php\/wp-json\/wp\/v2\/posts\/6413\/revisions"}],"predecessor-version":[{"id":6423,"href":"https:\/\/www.fipsasbologna.it\/index.php\/wp-json\/wp\/v2\/posts\/6413\/revisions\/6423"}],"wp:featuredmedia":[{"embeddable":true,"href":"https:\/\/www.fipsasbologna.it\/index.php\/wp-json\/wp\/v2\/media\/6414"}],"wp:attachment":[{"href":"https:\/\/www.fipsasbologna.it\/index.php\/wp-json\/wp\/v2\/media?parent=6413"}],"wp:term":[{"taxonomy":"category","embeddable":true,"href":"https:\/\/www.fipsasbologna.it\/index.php\/wp-json\/wp\/v2\/categories?post=6413"},{"taxonomy":"post_tag","embeddable":true,"href":"https:\/\/www.fipsasbologna.it\/index.php\/wp-json\/wp\/v2\/tags?post=6413"},{"taxonomy":"table_tags","embeddable":true,"href":"https:\/\/www.fipsasbologna.it\/index.php\/wp-json\/wp\/v2\/table_tags?post=6413"}],"curies":[{"name":"wp","href":"https:\/\/api.w.org\/{rel}","templated":true}]}}